{"id":51034,"date":"2026-09-02T13:26:26","date_gmt":"2026-09-02T13:26:26","guid":{"rendered":"https:\/\/valuedentclinic.com\/how-to-protect-your-childs-teeth-and-prevent-cavities-early-on\/"},"modified":"2026-09-03T15:15:34","modified_gmt":"2026-09-03T15:15:34","slug":"cocugunuzun-dislerini-koruyun-ve-curukleri-erkenden-onleyin","status":"publish","type":"post","link":"https:\/\/valuedentclinic.com\/tr\/cocugunuzun-dislerini-koruyun-ve-curukleri-erkenden-onleyin\/","title":{"rendered":"\u00c7ocu\u011funuzun Di\u015flerini Koruyun ve \u00c7\u00fcr\u00fckleri Erkenden \u00d6nleyin"},"content":{"rendered":"<!--\nFocus Keyword: \u00c7ocu\u011funuzun Di\u015flerini Koruyun\nSEO Title: \u00c7ocu\u011funuzun Di\u015flerini Koruyun ve \u00c7\u00fcr\u00fckleri Erkenden \u00d6nleyin\nSEO Meta Description: \u00c7ocu\u011funuzun di\u015flerini koruyun ve \u00e7\u00fcr\u00fckleri erkenden \u00f6nleyin. \u0130lk di\u015f bak\u0131m\u0131ndan beslenmeye, f\u0131r\u00e7alama al\u0131\u015fkanl\u0131klar\u0131ndan di\u015f hekimi kontrollerine rehberiniz.\nURL Slug: cocugunuzun-dislerini-koruyun-ve-curukleri-erkenden-onleyin\n-->\n\n\n<h2 class=\"wp-block-heading\">\u00c7ocu\u011funuzun Di\u015flerini Koruyun ve \u00c7\u00fcr\u00fckleri Erkenden \u00d6nleyin<\/h2>\n\n\n\n<p class=\"vd-lead wp-block-paragraph\">Di\u015f \u00e7\u00fcr\u00fckleri erken \u00e7ocukluk d\u00f6neminde en s\u0131k rastlanan kronik rahats\u0131zl\u0131klardan biridir; ancak neredeyse tamamen \u00f6nlenebilir. \u00c7ocu\u011funuzun di\u015flerini koruyun ilkesine dayanan al\u0131\u015fkanl\u0131klar karma\u015f\u0131k de\u011fildir, fakat \u00e7o\u011fu ebeveynin bekledi\u011finden daha erken, genellikle ilk di\u015f hen\u00fcz tamamen \u00e7\u0131kmadan ba\u015flanmal\u0131d\u0131r. Bu rehber, k\u00fc\u00e7\u00fck \u00e7ocuklarda \u00e7\u00fcr\u00fcklerin as\u0131l nedenlerini ve her a\u015famada fark yaratan somut, pratik ad\u0131mlar\u0131 a\u00e7\u0131klamaktad\u0131r.<\/p>\n\n\n\n<div class=\"wp-block-group is-content-justification-center is-layout-flex wp-container-core-group-is-layout-fe48e5de wp-block-group-is-layout-flex\">\n<section id=\"block-36\" class=\"widget widget_block\"><div class=\"wp-block-button vd-blog-cta-wa\" style=\"display:flex;justify-content:center;\">\n\t<a class=\"wp-block-button__link wp-element-button\" href=\"https:\/\/wa.me\/905062822822?text=Hello!%20I%E2%80%99m%20looking%20into%20traveling%20for%20my%20dental%20care.%20Could%20you%20please%20send%20me%20more%20information%20about%20your%20all-inclusive%20packages%20(treatment%2C%20hotel%2C%20and%20transfers)%3F\" target=\"_blank\" rel=\"noreferrer noopener\" style=\"width:100%;text-align:center;\"><br \/>\n\t\t<i class=\"fab fa-whatsapp\"><\/i> Get Free Consultation<br \/>\n\t<\/a>\n<\/div>\n<\/section>\n\n<\/div>\n\n\n<div class=\"wp-block-image\">\n<figure class=\"aligncenter size-full\"><img decoding=\"async\" src=\"https:\/\/valuedentclinic.com\/wp-content\/uploads\/2026\/09\/Gemini_Generated_Image_hxc95shxc95shxc9-scaled.webp\" alt=\"\u00c7ocu\u011funuzun Di\u015flerini Koruyun ve \u00c7\u00fcr\u00fckleri Erkenden \u00d6nleyin - Valuedent Clinic\" title=\"\"><\/figure>\n<\/div>\n\n\n<h2 class=\"wp-block-heading\">S\u00fct Di\u015fleri Neden Ciddi Bak\u0131m Gerektirir?<\/h2>\n\n\n\n<p class=\"wp-block-paragraph\">S\u00fct di\u015flerinin nas\u0131l olsa d\u00f6k\u00fclece\u011fi d\u00fc\u015f\u00fcn\u00fclerek \u00f6nemsenmemesi yayg\u0131n bir hatad\u0131r. Ger\u00e7ekte s\u00fct di\u015fleri, kal\u0131c\u0131 di\u015fler i\u00e7in yer tutar, \u00e7ene geli\u015fimine rehberlik eder ve \u00e7ocu\u011fun geli\u015fiminde hayati \u00f6nem ta\u015f\u0131yan y\u0131llarda konu\u015fmay\u0131 ve \u00e7i\u011fnemeyi destekler. S\u00fct di\u015finde tedavi edilmeyen bir \u00e7\u00fcr\u00fck; a\u011fr\u0131ya, enfeksiyona ve hatta alttan gelen kal\u0131c\u0131 di\u015fin geli\u015fiminin olumsuz etkilenmesine yol a\u00e7abilir. \u00c7ocu\u011funuzun di\u015flerini koruyun stratejisini erken ya\u015fta uygulamak sadece bir \u00f6nlem de\u011fil, \u00e7ocu\u011fun ya\u015fam boyu s\u00fcrecek a\u011f\u0131z ve di\u015f sa\u011fl\u0131\u011f\u0131n\u0131n temelidir.<\/p>\n\n\n\n<h2 class=\"wp-block-heading\">K\u00fc\u00e7\u00fck \u00c7ocuklarda \u00c7\u00fcr\u00fcklere As\u0131l Ne Sebep Olur?<\/h2>\n\n\n\n<p class=\"wp-block-paragraph\">\u00c7\u00fcr\u00fckler, a\u011f\u0131zdaki bakterilerin yiyecek ve i\u00e7eceklerden kalan \u015fekerlerle beslenip di\u015f minesini kademeli olarak a\u015f\u0131nd\u0131ran asitler \u00fcretmesiyle olu\u015fur. K\u00fc\u00e7\u00fck \u00e7ocuklarda bu s\u00fcre\u00e7; s\u0131k at\u0131\u015ft\u0131rma, \u015fekerli i\u00e7ecekler ve \u00f6zellikle biberonla (i\u00e7inde s\u00fct veya meyve suyu ile) uykuya dalma al\u0131\u015fkanl\u0131\u011f\u0131 nedeniyle h\u0131zlan\u0131r. Biberonla uyumak, di\u015flerin saatlerce \u015fekere maruz kalmas\u0131na neden olur. \u00c7ocuklar\u0131n di\u015f minesi yeti\u015fkinlerinkine g\u00f6re daha ince ve daha az mineralli oldu\u011fundan \u00e7\u00fcr\u00fcme ba\u015flad\u0131ktan sonra \u00e7ok daha h\u0131zl\u0131 ilerler. Bu y\u00fczden \u00e7\u00fcr\u00fck olu\u015ftuktan sonra tedavi etmek yerine erkenden koruyucu ad\u0131mlar atmak \u00e7ok daha \u00f6nemlidir.<\/p>\n\n\n\n<h2 class=\"wp-block-heading\">Ne Zaman Ba\u015flamal\u0131: \u0130lk Di\u015f \u00c7\u0131kmadan \u00d6nce<\/h2>\n\n\n\n<p class=\"wp-block-paragraph\">Di\u015f bak\u0131m\u0131 \u00e7o\u011fu ebeveynin d\u00fc\u015f\u00fcnd\u00fc\u011f\u00fcnden \u00e7ok daha erken ba\u015flar. Di\u015fler hen\u00fcz \u00e7\u0131kmadan bile, beslenmeden sonra bebe\u011fin di\u015f etlerini temiz ve nemli bir bezle nazik\u00e7e silmek, bakterileri uzakla\u015ft\u0131r\u0131r ve \u00e7ocu\u011funuzu a\u011f\u0131z bak\u0131m\u0131 hissiyat\u0131na al\u0131\u015ft\u0131r\u0131r. Genellikle alt\u0131 ay civar\u0131nda ilk di\u015f g\u00f6r\u00fcnd\u00fc\u011f\u00fcnde, yumu\u015fak ve bebek boyutunda bir di\u015f f\u0131r\u00e7as\u0131na ge\u00e7me zaman\u0131 gelmi\u015f demektir. <a href=\"https:\/\/www.aap.org\/\" target=\"_blank\" rel=\"noopener\">Amerikan Pediatri Akademisi<\/a>, ilk di\u015f hekimi randevusunun \u00e7ocu\u011fun ilk ya\u015f g\u00fcn\u00fcne kadar al\u0131nmas\u0131n\u0131 \u00f6nermektedir.<\/p>\n\n\n\n<h2 class=\"wp-block-heading\">Ya\u015fa G\u00f6re Do\u011fru Di\u015f F\u0131r\u00e7alama Al\u0131\u015fkanl\u0131klar\u0131<\/h2>\n\n\n\n<ul class=\"wp-block-list\">\n<li><strong>0-2 ya\u015f:<\/strong> Yumu\u015fak bir bebek di\u015f f\u0131r\u00e7as\u0131 ve pirin\u00e7 tanesi b\u00fcy\u00fckl\u00fc\u011f\u00fcn\u00fc ge\u00e7meyecek miktarda flor\u00fcrl\u00fc di\u015f macunu ile g\u00fcnde iki kez f\u0131r\u00e7alay\u0131n.<\/li>\n<li><strong>3-5 ya\u015f:<\/strong> Flor\u00fcrl\u00fc di\u015f macunu miktar\u0131n\u0131 bezelye b\u00fcy\u00fckl\u00fc\u011f\u00fcne \u00e7\u0131kar\u0131n. \u00c7o\u011fu \u00e7ocuk hen\u00fcz tek ba\u015f\u0131na etkili f\u0131r\u00e7alayamayaca\u011f\u0131 i\u00e7in f\u0131r\u00e7alama s\u00fcrecini yak\u0131ndan denetleyin.<\/li>\n<li><strong>6-8 ya\u015f:<\/strong> \u00c7ocu\u011funuz ayakkab\u0131 ba\u011fc\u0131klar\u0131n\u0131 kendi ba\u015f\u0131na g\u00fcvenle ba\u011flayana kadar f\u0131r\u00e7alamay\u0131 denetlemeye devam edin; bu beceri, do\u011fru f\u0131r\u00e7alama i\u00e7in gereken ince motor kas geli\u015fiminin \u00f6nemli bir g\u00f6stergesidir.<\/li>\n<li><strong>9+ ya\u015f:<\/strong> Hen\u00fcz ba\u015flanmad\u0131ysa g\u00fcnl\u00fck di\u015f ipi kullan\u0131m\u0131n\u0131 al\u0131\u015fkanl\u0131k haline getirin ve periyodik kontrollerle kademeli olarak ba\u011f\u0131ms\u0131z f\u0131r\u00e7alamaya ge\u00e7i\u015f yap\u0131n.<\/li>\n<\/ul>\n\n\n\n<p class=\"wp-block-paragraph\">G\u00fcnde iki kez, iki\u015fer dakika f\u0131r\u00e7alamak her ya\u015f i\u00e7in temel standartt\u0131r. Ayr\u0131ca birbirine temas eden en az iki di\u015f olu\u015ftu\u011funda di\u015f ipi kullan\u0131m\u0131na da ba\u015flanmal\u0131d\u0131r.<\/p>\n\n\n\n<h2 class=\"wp-block-heading\">Di\u015f Sa\u011fl\u0131\u011f\u0131nda En B\u00fcy\u00fck Fark\u0131 Yaratan Beslenme Tercihleri<\/h2>\n\n\n\n<p class=\"wp-block-paragraph\">\u015eeker ve di\u015f sa\u011fl\u0131\u011f\u0131 s\u00f6z konusu oldu\u011funda miktar kadar t\u00fcketim s\u0131kl\u0131\u011f\u0131 da kritik rol oynar. Ak\u015fam yeme\u011finden sonra bir tatl\u0131 yiyen \u00e7ocuk, g\u00fcn boyunca \u015fekerli i\u00e7ecek yudumlayan bir \u00e7ocu\u011fa g\u00f6re di\u015flerine \u00e7ok daha az zarar verir; \u00e7\u00fcnk\u00fc \u015fekere her maruz kalma, mineler \u00fczerindeki asit ata\u011f\u0131n\u0131 yeniden ba\u015flat\u0131r. Jelibon benzeri yap\u0131\u015fkan g\u0131dalar ve kuru meyveler di\u015flere beklenenden daha uzun s\u00fcre yap\u0131\u015f\u0131r. Tatland\u0131r\u0131lmam\u0131\u015f meyve sular\u0131 bile y\u00fcksek miktarda do\u011fal \u015feker i\u00e7erir. \u00d6\u011f\u00fcn aralar\u0131nda su i\u00e7mek ve \u015fekerli g\u0131dalar\u0131 s\u00fcrekli at\u0131\u015ft\u0131rmak yerine sadece yemek zamanlar\u0131yla s\u0131n\u0131rlamak, \u00e7\u00fcr\u00fck riskini azaltan en basit ama en etkili y\u00f6ntemlerdir.<\/p>\n\n\n\n<h2 class=\"wp-block-heading\">Flor\u00fcr, Di\u015f A\u015f\u0131lar\u0131 (Fiss\u00fcr \u00d6rt\u00fcc\u00fc) ve Koruyucu Y\u00f6ntemler<\/h2>\n\n\n\n<p class=\"wp-block-paragraph\">Flor\u00fcr, di\u015f minesini g\u00fc\u00e7lendirerek asit ataklar\u0131na kar\u015f\u0131 direncini art\u0131r\u0131r. Bu nedenle flor\u00fcrl\u00fc di\u015f macunlar\u0131 ve di\u015f hekimi kontrollerinde uygulanan flor\u00fcr cilalar\u0131 koruyucu tedavide b\u00fcy\u00fck yer tutar. Arka az\u0131 di\u015flerinin \u00e7i\u011fneme y\u00fczeylerine uygulanan ince koruyucu kaplamalar olan di\u015f a\u015f\u0131lar\u0131 (fiss\u00fcr \u00f6rt\u00fcc\u00fcler), \u00e7ocukluk \u00e7a\u011f\u0131 \u00e7\u00fcr\u00fcklerinin en s\u0131k g\u00f6r\u00fcld\u00fc\u011f\u00fc derin oluklarda ekstra bir koruma kalkan\u0131 olu\u015fturur. Her iki uygulama da h\u0131zl\u0131, a\u011fr\u0131s\u0131zd\u0131r ve kal\u0131c\u0131 az\u0131 di\u015fleri \u00e7\u0131kt\u0131\u011f\u0131nda \u00e7ocu\u011funuzun di\u015flerini koruyun anlay\u0131\u015f\u0131yla s\u0131kl\u0131kla tavsiye edilir.<\/p>\n\n\n\n<h2 class=\"wp-block-heading\">\u00c7\u00fcr\u00fck Olu\u015fumunun Erken Belirtileri<\/h2>\n\n\n\n<ul class=\"wp-block-list\">\n<li><strong>Di\u015f y\u00fczeyinde beyaz veya tebe\u015firimsi lekeler:<\/strong> Genellikle g\u00f6zle g\u00f6r\u00fcl\u00fcr bir \u00e7\u00fcr\u00fck olu\u015fmadan \u00f6nce mineral kayb\u0131n\u0131n erken bir i\u015faretidir.<\/li>\n<li><strong>F\u0131r\u00e7alamayla ge\u00e7meyen kahverengi veya siyah lekeler:<\/strong> Genellikle \u00e7\u00fcr\u00fcmenin ilerledi\u011fini g\u00f6sterir.<\/li>\n<li><strong>Tatl\u0131, s\u0131cak veya so\u011fuk g\u0131dalara kar\u015f\u0131 hassasiyet:<\/strong> Zay\u0131flam\u0131\u015f di\u015f minesine veya i\u00e7 tabakalara yakla\u015fan bir \u00e7\u00fcr\u00fc\u011fe i\u015faret edebilir.<\/li>\n<li><strong>G\u00f6zle g\u00f6r\u00fcl\u00fcr a\u011fr\u0131 veya \u00e7i\u011fneme isteksizli\u011fi:<\/strong> A\u011fz\u0131n tek bir taraf\u0131nda yo\u011funla\u015fan bu durum vakit kaybetmeden kontrol edilmelidir.<\/li>\n<\/ul>\n\n\n\n<p class=\"wp-block-paragraph\">Bu belirtileri erkenden fark etmek, \u00e7ok daha basit ve giri\u015fimsel olmayan \u00e7\u00f6z\u00fcmlerle sorunu halletmeyi sa\u011flar. Hi\u00e7bir \u015fikayet olmasa bile d\u00fczenli di\u015f hekimi kontrollerinin temel amac\u0131 tam olarak budur.<\/p>\n\n\n\n<h2 class=\"wp-block-heading\">\u00c7ocuklar Ne S\u0131kl\u0131kla Di\u015f Hekimine Gitmeli?<\/h2>\n\n\n\n<figure class=\"wp-block-table\"><table class=\"has-fixed-layout\"><thead><tr><td class=\"has-text-align-center\" data-align=\"center\"><strong>Ya\u015f Grubu<\/strong><\/td><td class=\"has-text-align-center\" data-align=\"center\"><strong>\u00d6nerilen Kontrol S\u0131kl\u0131\u011f\u0131<\/strong><\/td><\/tr><\/thead><tbody><tr><td class=\"has-text-align-center\" data-align=\"center\">1-3 Ya\u015f<\/td><td class=\"has-text-align-center\" data-align=\"center\">\u0130lk di\u015fin \u00e7\u0131kmas\u0131yla veya 1. ya\u015f g\u00fcn\u00fcnden itibaren 6 ayda bir<\/td><\/tr><tr><td class=\"has-text-align-center\" data-align=\"center\">4-6 Ya\u015f<\/td><td class=\"has-text-align-center\" data-align=\"center\">6 ayda bir; az\u0131 di\u015fleri \u00e7\u0131kt\u0131k\u00e7a fiss\u00fcr \u00f6rt\u00fcc\u00fc de\u011ferlendirmesi ile<\/td><\/tr><tr><td class=\"has-text-align-center\" data-align=\"center\">7-12 Ya\u015f<\/td><td class=\"has-text-align-center\" data-align=\"center\">6 ayda bir; \u00e7ene ve ortodontik geli\u015fim takibi ile birlikte<\/td><\/tr><tr><td class=\"has-text-align-center\" data-align=\"center\">Y\u00fcksek \u00c7\u00fcr\u00fck Riski<\/td><td class=\"has-text-align-center\" data-align=\"center\">Di\u015f hekiminizin tavsiyesine g\u00f6re 3-4 ayda bir<\/td><\/tr><\/tbody><\/table><\/figure>\n\n\n\n<h2 class=\"wp-block-heading\">Di\u015f Hekimi Muayenelerini Stresli De\u011fil, Do\u011fal Hale Getirin<\/h2>\n\n\n\n<p class=\"wp-block-paragraph\">Kontrollere erken ya\u015fta ba\u015flamak, olas\u0131 sorunlar\u0131 \u00f6nceden tespit etmekle kalmaz; \u00e7ocu\u011fun hen\u00fcz herhangi bir korku geli\u015fmeden di\u015f hekimi ortam\u0131na al\u0131\u015fmas\u0131n\u0131 da sa\u011flar. Randevular\u0131 b\u00fcy\u00fck bir cesaret s\u0131nav\u0131 gibi sunmak yerine g\u00fcnl\u00fck rutinin do\u011fal bir par\u00e7as\u0131 olarak tan\u0131mlamak, \u00e7ocu\u011fun gelecekteki a\u011f\u0131z sa\u011fl\u0131\u011f\u0131 alg\u0131s\u0131n\u0131 olumlu y\u00f6nde etkiler. K\u00fc\u00e7\u00fck hastalar konusunda deneyimli ve s\u00fcre\u00e7leri sade bir dille a\u00e7\u0131klayan bir klinik se\u00e7mek, bu ilk ziyaretlerin sakin ve huzurlu ge\u00e7mesine b\u00fcy\u00fck katk\u0131 sa\u011flar.<\/p>\n\n\n\n<h2 class=\"wp-block-heading\">\u00c7ocu\u011funuz \u0130\u00e7in Bug\u00fcn Randevu Al\u0131n<\/h2>\n\n\n\n<p class=\"wp-block-paragraph\">\u00c7ocu\u011funuzun di\u015f sa\u011fl\u0131\u011f\u0131 hakk\u0131nda uzman bir de\u011ferlendirme mi almak istiyorsunuz? <strong><a href=\"https:\/\/valuedentclinic.com\/tr\/bize-ulasin\/\">Bug\u00fcn Valuedent Clinic&#8217;ten bir muayene randevusu al\u0131n<\/a><\/strong>; uzman ekibimiz \u00e7ocu\u011funuzun di\u015f yap\u0131s\u0131na ve al\u0131\u015fkanl\u0131klar\u0131na \u00f6zel, ki\u015fiselle\u015ftirilmi\u015f bir koruma plan\u0131 ile size rehberlik etsin.<\/p>\n\n\n\n<h2 class=\"wp-block-heading\">SSS: \u00c7ocu\u011funuzun Di\u015flerini Koruyun<\/h2>\n\n\n\n<h3 class=\"wp-block-heading\">\u00c7ocu\u011fum ilk kez ka\u00e7 ya\u015f\u0131nda di\u015f hekimine gitmeli?<\/h3>\n\n\n<p class=\"wp-block-paragraph\">\u0130lk ya\u015f g\u00fcn\u00fcne kadar veya ilk di\u015fi \u00e7\u0131kt\u0131ktan sonraki alt\u0131 ay i\u00e7inde (hangisi \u00f6nce ger\u00e7ekle\u015firse) muayene olmal\u0131d\u0131r. \u0130lk ziyaretler tedavi ama\u00e7l\u0131 de\u011fil, tamamen koruyucu hekimlik ve \u00e7ocu\u011fu ortama al\u0131\u015ft\u0131rmak i\u00e7indir.<\/p>\n\n\n\n<h3 class=\"wp-block-heading\">Flor\u00fcrl\u00fc di\u015f macunu k\u00fc\u00e7\u00fck \u00e7ocuklar i\u00e7in g\u00fcvenli midir?<\/h3>\n\n\n<p class=\"wp-block-paragraph\">Evet, ya\u015fa uygun do\u011fru miktarlarda kullan\u0131ld\u0131\u011f\u0131nda tamamen g\u00fcvenlidir. \u00dc\u00e7 ya\u015f\u0131ndan k\u00fc\u00e7\u00fckler i\u00e7in pirin\u00e7 tanesi kadar, \u00fc\u00e7 ya\u015f\u0131ndan b\u00fcy\u00fckler i\u00e7in ise bezelye b\u00fcy\u00fckl\u00fc\u011f\u00fcnde kullan\u0131m, flor\u00fcr al\u0131m\u0131n\u0131 g\u00fcvenli s\u0131n\u0131rlar i\u00e7inde tutarken di\u015fleri etkili \u015fekilde korur.<\/p>\n\n\n\n<h3 class=\"wp-block-heading\">Nas\u0131l olsa d\u00f6k\u00fclecek s\u00fct di\u015flerine dolgu yapmak ger\u00e7ekten gerekli mi?<\/h3>\n\n\n<p class=\"wp-block-paragraph\">Evet. S\u00fct di\u015flerindeki tedavi edilmeyen \u00e7\u00fcr\u00fckler \u015fiddetli a\u011fr\u0131ya, enfeksiyona ve alt tarafta geli\u015fmekte olan kal\u0131c\u0131 di\u015fin zarar g\u00f6rmesine neden olabilir. Bu y\u00fczden s\u00fct di\u015fi \u00e7\u00fcr\u00fckleri de yeti\u015fkin di\u015fleri kadar ciddiye al\u0131nmal\u0131d\u0131r.<\/p>\n\n\n\n<h3 class=\"wp-block-heading\">Di\u015f a\u015f\u0131s\u0131 (fiss\u00fcr \u00f6rt\u00fcc\u00fc) uygulamas\u0131 yapt\u0131rmaya de\u011fer mi?<\/h3>\n\n\n<p class=\"wp-block-paragraph\">\u00c7o\u011fu \u00e7ocuk i\u00e7in kesinlikle evet. Fiss\u00fcr \u00f6rt\u00fcc\u00fcler, \u00e7ocukluk \u00e7a\u011f\u0131 \u00e7\u00fcr\u00fcklerinin en s\u0131k ba\u015flad\u0131\u011f\u0131 arka az\u0131 di\u015flerinin derin girintilerini kapat\u0131r. Uygulama son derece h\u0131zl\u0131, a\u011fr\u0131s\u0131zd\u0131r ve \u00e7\u00fcr\u00fck riskini y\u0131llarca belirgin \u015fekilde azalt\u0131r.<\/p>\n\n\n\n<h3 class=\"wp-block-heading\">\u00c7\u00fcr\u00fckleri \u00f6nleyen en \u00f6nemli tek bir al\u0131\u015fkanl\u0131k de\u011fi\u015fikli\u011fi nedir?<\/h3>\n\n\n<p class=\"wp-block-paragraph\">G\u00fcn i\u00e7inde \u015feker t\u00fcketim s\u0131kl\u0131\u011f\u0131n\u0131 azaltmak, \u015fekeri tamamen kesmekten daha kritik bir rol oynar. \u015eekerli g\u0131da ve i\u00e7ecekleri s\u00fcrekli at\u0131\u015ft\u0131rmak yerine sadece ana \u00f6\u011f\u00fcnlerle s\u0131n\u0131rlamak, bir ailenin atabilece\u011fi en etkili ad\u0131mlardan biridir.<\/p>\n\n\n\n<div class=\"wp-block-group is-content-justification-center is-layout-flex wp-container-core-group-is-layout-fe48e5de wp-block-group-is-layout-flex\">\n<section id=\"block-36\" class=\"widget widget_block\"><div class=\"wp-block-button vd-blog-cta-wa\" style=\"display:flex;justify-content:center;\">\n\t<a class=\"wp-block-button__link wp-element-button\" href=\"https:\/\/wa.me\/905062822822?text=Hello!%20I%E2%80%99m%20looking%20into%20traveling%20for%20my%20dental%20care.%20Could%20you%20please%20send%20me%20more%20information%20about%20your%20all-inclusive%20packages%20(treatment%2C%20hotel%2C%20and%20transfers)%3F\" target=\"_blank\" rel=\"noreferrer noopener\" style=\"width:100%;text-align:center;\"><br \/>\n\t\t<i class=\"fab fa-whatsapp\"><\/i> Get Free Consultation<br \/>\n\t<\/a>\n<\/div>\n<\/section>\n\n<\/div>\n","protected":false},"excerpt":{"rendered":"<p>\u00c7ocu\u011funuzun Di\u015flerini Koruyun ve \u00c7\u00fcr\u00fckleri Erkenden \u00d6nleyin Di\u015f \u00e7\u00fcr\u00fckleri erken \u00e7ocukluk d\u00f6neminde en s\u0131k rastlanan kronik rahats\u0131zl\u0131klardan biridir; ancak neredeyse tamamen \u00f6nlenebilir. \u00c7ocu\u011funuzun di\u015flerini koruyun ilkesine dayanan al\u0131\u015fkanl\u0131klar karma\u015f\u0131k de\u011fildir, fakat \u00e7o\u011fu ebeveynin bekledi\u011finden daha erken, genellikle ilk di\u015f hen\u00fcz tamamen \u00e7\u0131kmadan ba\u015flanmal\u0131d\u0131r. Bu rehber, k\u00fc\u00e7\u00fck \u00e7ocuklarda \u00e7\u00fcr\u00fcklerin as\u0131l nedenlerini ve her a\u015famada fark yaratan&#8230;<\/p>\n","protected":false},"author":1,"featured_media":51035,"comment_status":"open","ping_status":"open","sticky":false,"template":"","format":"standard","meta":{"footnotes":""},"categories":[57],"tags":[487,488,526,479,480,490,489,598,472,491,529,492,493,494,530,531,532,533,534,528,599,481,516,517,600,522,601,602,603,604,605,606,474,607,535,482,483,527,536,484,485,486,523,524,519,518,469,468,503,497,498,499,473,500,501,502,525,520,521,537,471,470,496,608,538,495,475,539,476,477,478],"class_list":["post-51034","post","type-post","status-publish","format-standard","has-post-thumbnail","hentry","category-general","tag-aesthetic-dentistry","tag-affordable-dentistry-europe","tag-agrisiz-dis-implanti","tag-best-clinic-hollywood-smile","tag-best-dental-implants-istanbul","tag-cosmetic-dentistry-2026","tag-cosmetic-dentistry-istanbul","tag-dentalbudget","tag-dental-care-us-patients","tag-dental-cosmetics","tag-dental-holiday","tag-dental-hygiene-tips","tag-dental-myths","tag-dental-procedure","tag-dental-tourism","tag-dental-tourism-istanbul","tag-dental-tourism-tips","tag-dental-tourism-turkey","tag-dental-tourism-turkey-alt","tag-dental-travel-guide","tag-dentalveneerscost","tag-dentist-in-istanbul","tag-digital-smile-design-istanbul","tag-dsd-smile-makeover","tag-full-mouth-dental-implants-turkey-package-deals-reviews","tag-guided-surgery","tag-hollywoodsmilecost","tag-hollywood-smile-in-istanbul-cost","tag-how-much-does-a-hollywood-smile-cost-in-turkey","tag-hollywood-smile-istanbul-price","tag-hollywood-smile-turkey-package","tag-hollywood-smile-turkey-price","tag-international-dental-treatment","tag-istanbul-dental-implants-price","tag-istanbul-dental-tourism","tag-istanbul-dentist","tag-istanbul-dentistry","tag-istanbul-travel-guide","tag-medical-tourism-turkey","tag-meilleurs-implants-dentaires","tag-mejores-implantes-dentales","tag-migliori-impianti-dentali","tag-minimally-invasive-dentistry","tag-pain-free-dentistry","tag-prf-behandlung","tag-prf-treatment","tag-safe-dentistry-turkey","tag-safe-turkey","tag-smile-design-steps","tag-smile-makeover","tag-smile-makeover-istanbul","tag-smile-makeover-journey","tag-smile-makeover-uk-patients","tag-smile-restoration","tag-smile-transformation","tag-step-by-step-guide","tag-teeth-whitening-istanbul","tag-tratamiento-prf","tag-trattamento-prf","tag-travel-turkey","tag-turchia-sicura","tag-turcia-sigura","tag-turkey-dental","tag-turkeydentalprices","tag-turkey-dental-travel","tag-turkey-teeth","tag-turkey-teeth-facts","tag-turkiyeye-seyahat","tag-valuedent-clinic","tag-valuedent-clinic-alt","tag-valuedent-restorative-dentistry"],"_links":{"self":[{"href":"https:\/\/valuedentclinic.com\/tr\/wp-json\/wp\/v2\/posts\/51034","targetHints":{"allow":["GET"]}}],"collection":[{"href":"https:\/\/valuedentclinic.com\/tr\/wp-json\/wp\/v2\/posts"}],"about":[{"href":"https:\/\/valuedentclinic.com\/tr\/wp-json\/wp\/v2\/types\/post"}],"author":[{"embeddable":true,"href":"https:\/\/valuedentclinic.com\/tr\/wp-json\/wp\/v2\/users\/1"}],"replies":[{"embeddable":true,"href":"https:\/\/valuedentclinic.com\/tr\/wp-json\/wp\/v2\/comments?post=51034"}],"version-history":[{"count":4,"href":"https:\/\/valuedentclinic.com\/tr\/wp-json\/wp\/v2\/posts\/51034\/revisions"}],"predecessor-version":[{"id":51047,"href":"https:\/\/valuedentclinic.com\/tr\/wp-json\/wp\/v2\/posts\/51034\/revisions\/51047"}],"wp:featuredmedia":[{"embeddable":true,"href":"https:\/\/valuedentclinic.com\/tr\/wp-json\/wp\/v2\/media\/51035"}],"wp:attachment":[{"href":"https:\/\/valuedentclinic.com\/tr\/wp-json\/wp\/v2\/media?parent=51034"}],"wp:term":[{"taxonomy":"category","embeddable":true,"href":"https:\/\/valuedentclinic.com\/tr\/wp-json\/wp\/v2\/categories?post=51034"},{"taxonomy":"post_tag","embeddable":true,"href":"https:\/\/valuedentclinic.com\/tr\/wp-json\/wp\/v2\/tags?post=51034"}],"curies":[{"name":"wp","href":"https:\/\/api.w.org\/{rel}","templated":true}]}}